{"id":2320,"date":"2024-09-16T22:44:28","date_gmt":"2024-09-16T20:44:28","guid":{"rendered":"http:\/\/bevke.si\/?p=2320"},"modified":"2024-09-16T22:46:54","modified_gmt":"2024-09-16T20:46:54","slug":"gremo-v-kino-bevke","status":"publish","type":"post","link":"https:\/\/bevke.si\/?p=2320","title":{"rendered":"GREMO V KINO BEVKE"},"content":{"rendered":"<p style=\"font-weight: 400;\">Z oktobrom Kino Bevke ponovno odpira vrata! Tudi v leto\u0161nji sezoni bomo filme predvajali ob nedeljskih popoldnevih, dvakrat mese\u010dno. Izbiramo kakovostne filme za otroke in mlade ter dru\u017einske filme, ki navdu\u0161ijo gledalce vseh starosti. Na sporedu bodo animirani, igrani in dokumentarni filmi, sre\u010dali pa se bomo s slovensko, evropsko in svetovno filmsko produkcijo. Kino Bevke je dru\u017eabni prostor, ki nosi kulturno-umetni\u0161ko poslanstvo in prispeva h kulturni razgledanosti na\u0161ih najmlaj\u0161ih, skozi pogovor in ogled filma pa se krepi na\u0161a skupnost in medgeneracijska povezanost. V leto\u0161njem letu bomo filmska dru\u017eenja ponovno popestrili s posebnimi, tokrat \u0161e bolj ambicioznimi nagradami kino\u017ereba, ki sre\u010dnim iz\u017erebancem prina\u0161a razli\u010dne nagrade, povezane s filmom ali njegovo tematiko. Vabljeni v Kino Bevke vsako drugo nedeljo ob 17h!<\/p>\n<p>&nbsp;<\/p>\n<p><strong>NEDELJA, 6.10., ob 17h<\/strong><\/p>\n<p><strong>OTROCI DIVJEGA ZAHODA<\/strong><\/p>\n<p><strong>Pedro Solis, Juan Jes\u00fas Garc\u00eda \/ \u0160panija \/ 2024 \/ 93 min \/ sinhronizirano \/ 5+<\/strong><\/p>\n<p><em>Mary in Tom sta irska sorojenca brez star\u0161ev, ki leta 1886 s \u010dezoceanko prispeta v New York in se hitro znajdeta na divjem popotovanju na krovu transkontinentalnega \u00bbvlaka za sirote\u00ab, kjer spoznata izjemnega novega prijatelja, ki jima bo za vedno spremenil \u017eivljenje. Na nevarni in novih odkritij polni pustolov\u0161\u010dini, kjer jih naprej \u017eenejo radovednost, prijateljstvo in timsko delo, naletijo na zvite zlobne\u017ee, presenetljive zaveznike, nepri\u010dakovane junake in nepredstavljive dogodiv\u0161\u010dine, za vsem tem pa se skriva zabavno in ganljivo iskanje novega doma.<\/em><\/p>\n<p><img loading=\"lazy\" decoding=\"async\" class=\"alignleft size-full wp-image-2322\" src=\"http:\/\/bevke.si\/wp-content\/uploads\/2024\/09\/OTROCI_DIVJEGA_ZAHODA.jpg\" alt=\"\" width=\"1375\" height=\"577\" srcset=\"https:\/\/bevke.si\/wp-content\/uploads\/2024\/09\/OTROCI_DIVJEGA_ZAHODA.jpg 1375w, https:\/\/bevke.si\/wp-content\/uploads\/2024\/09\/OTROCI_DIVJEGA_ZAHODA-300x126.jpg 300w, https:\/\/bevke.si\/wp-content\/uploads\/2024\/09\/OTROCI_DIVJEGA_ZAHODA-1024x430.jpg 1024w, https:\/\/bevke.si\/wp-content\/uploads\/2024\/09\/OTROCI_DIVJEGA_ZAHODA-768x322.jpg 768w\" sizes=\"(max-width: 1375px) 100vw, 1375px\" \/><\/p>\n<p>&nbsp;<\/p>\n<p><strong>NEDELJA, 20.10., ob 17h<\/strong><\/p>\n<p><strong>DETEKTIV TABO IN PRIMER NOSOROGA<\/strong><\/p>\n<p><strong>Mara Eibl-Eibesfeldt \/ Nem\u010dija \/ 2023 \/ 97 min \/ angle\u0161\u010dina \/ slovenski podnapisi \/ 8+<\/strong><\/p>\n<p><em>Enajstletni Tabo bi rad postal zasebni detektiv kot v filmih. Ko njegova majhna afri\u0161ka vasica Hlatikulu vsaj ne bi bila najmirnej\u0161i raj v savani! A stvari se postavijo na glavo, ko v sosednjem safari parku umorijo nosoroga zaradi njegovega dragocenega roga. Od vseh mo\u017enih kandidatov je osumljen ravno Tabov stric Vusi. Zdaj morata Tabo in njegova nova nem\u0161ka prijateljica Emma poskrbeti za zapu\u0161\u010denega nosorogovega mladi\u010da, pa tudi raziskati primer in ujeti krivce.<\/em><\/p>\n<p><img loading=\"lazy\" decoding=\"async\" class=\"alignleft size-full wp-image-2321\" src=\"http:\/\/bevke.si\/wp-content\/uploads\/2024\/09\/DETEKTIV_TABO_IN_PRIMER_NOSOROGA.jpg\" alt=\"\" width=\"454\" height=\"255\" srcset=\"https:\/\/bevke.si\/wp-content\/uploads\/2024\/09\/DETEKTIV_TABO_IN_PRIMER_NOSOROGA.jpg 454w, https:\/\/bevke.si\/wp-content\/uploads\/2024\/09\/DETEKTIV_TABO_IN_PRIMER_NOSOROGA-300x169.jpg 300w, https:\/\/bevke.si\/wp-content\/uploads\/2024\/09\/DETEKTIV_TABO_IN_PRIMER_NOSOROGA-320x180.jpg 320w\" sizes=\"(max-width: 454px) 100vw, 454px\" \/><\/p>\n","protected":false},"excerpt":{"rendered":"<p>Z oktobrom Kino Bevke ponovno odpira vrata! Tudi v leto\u0161nji sezoni bomo filme predvajali ob nedeljskih popoldnevih, dvakrat mese\u010dno. Izbiramo kakovostne filme za otroke in mlade ter dru\u017einske filme, ki navdu\u0161ijo gledalce vseh starosti. Na sporedu bodo animirani, igrani in dokumentarni filmi, sre\u010dali pa se bomo s slovensko, evropsko in svetovno filmsko produkcijo. Kino Bevke [&hellip;]<\/p>\n","protected":false},"author":1,"featured_media":2324,"comment_status":"closed","ping_status":"open","sticky":false,"template":"","format":"standard","meta":{"footnotes":""},"categories":[1,7],"tags":[],"_links":{"self":[{"href":"https:\/\/bevke.si\/index.php?rest_route=\/wp\/v2\/posts\/2320"}],"collection":[{"href":"https:\/\/bevke.si\/index.php?rest_route=\/wp\/v2\/posts"}],"about":[{"href":"https:\/\/bevke.si\/index.php?rest_route=\/wp\/v2\/types\/post"}],"author":[{"embeddable":true,"href":"https:\/\/bevke.si\/index.php?rest_route=\/wp\/v2\/users\/1"}],"replies":[{"embeddable":true,"href":"https:\/\/bevke.si\/index.php?rest_route=%2Fwp%2Fv2%2Fcomments&post=2320"}],"version-history":[{"count":1,"href":"https:\/\/bevke.si\/index.php?rest_route=\/wp\/v2\/posts\/2320\/revisions"}],"predecessor-version":[{"id":2323,"href":"https:\/\/bevke.si\/index.php?rest_route=\/wp\/v2\/posts\/2320\/revisions\/2323"}],"wp:featuredmedia":[{"embeddable":true,"href":"https:\/\/bevke.si\/index.php?rest_route=\/wp\/v2\/media\/2324"}],"wp:attachment":[{"href":"https:\/\/bevke.si\/index.php?rest_route=%2Fwp%2Fv2%2Fmedia&parent=2320"}],"wp:term":[{"taxonomy":"category","embeddable":true,"href":"https:\/\/bevke.si\/index.php?rest_route=%2Fwp%2Fv2%2Fcategories&post=2320"},{"taxonomy":"post_tag","embeddable":true,"href":"https:\/\/bevke.si\/index.php?rest_route=%2Fwp%2Fv2%2Ftags&post=2320"}],"curies":[{"name":"wp","href":"https:\/\/api.w.org\/{rel}","templated":true}]}}